{"id":7808,"date":"2020-04-17T18:06:39","date_gmt":"2020-04-17T18:06:39","guid":{"rendered":"http:\/\/hafnarborg.avistaserver.com\/?p=7808"},"modified":"2020-05-04T13:03:40","modified_gmt":"2020-05-04T13:03:40","slug":"silent-spring-online-exhibition-tour","status":"publish","type":"post","link":"https:\/\/old.hafnarborg.is\/en\/2020\/04\/17\/silent-spring-online-exhibition-tour\/","title":{"rendered":"Silent Spring \u2013 Online Exhibition Tour"},"content":{"rendered":"<p><strong>\u00c1g\u00fasta Krist\u00f3fersd\u00f3ttir<\/strong>, Director of Hafnarborg, talks about the exhibition <em>Silent Spring<\/em>, by artists Hertta Kiiski, Katr\u00edn Elvarsd\u00f3ttir and Lilja Birgisd\u00f3ttir. The exhibition opened last January as a part of The Icelandic Photography Festival 2020 and the curator is Dar\u00eda S\u00f3l Andrews.<\/p>\n<p>In the exhibition, Lilja, Hertta and Katr\u00edn invoke a tender warmth towards nature, while calling attention to the effects of our wasteful practices on the earth. Working in the face of climate change, they then employ the photographic medium and a sculptural, sensory focus to environments which call for a nurturing attention.<\/p>\n<p>The exhibition was extended until mid-May, given current circumstances, but since the museum is currently closed, we hope you will enjoy the exhibition here instead.<\/p>\n<p><strong>Captions available in English and Icelandic.<\/strong><\/p>\n<div class=\"video-container\"><iframe loading=\"lazy\" title=\"\u00de\u00f6gult vor (Silent Spring) \u2013 Hertta Kiiski, Katr\u00edn Elvarsd\u00f3ttir &amp; Lilja Birgisd\u00f3ttir\" width=\"500\" height=\"281\" src=\"https:\/\/www.youtube.com\/embed\/0uO6tneBZng?feature=oembed\" frameborder=\"0\" allow=\"accelerometer; autoplay; clipboard-write; encrypted-media; gyroscope; picture-in-picture; web-share\" referrerpolicy=\"strict-origin-when-cross-origin\" allowfullscreen><\/iframe><\/div>\n","protected":false},"excerpt":{"rendered":"<p>\u00c1g\u00fasta Krist\u00f3fersd\u00f3ttir, Director of Hafnarborg, talks about the exhibition Silent Spring, by artists Hertta Kiiski, Katr\u00edn Elvarsd\u00f3ttir and Lilja Birgisd\u00f3ttir. The exhibition opened last January as a part of The Icelandic Photography Festival 2020 and the curator is Dar\u00eda S\u00f3l Andrews. In the exhibition, Lilja, Hertta and Katr\u00edn invoke a tender warmth towards nature, while [&hellip;]<\/p>\n","protected":false},"author":6,"featured_media":7807,"comment_status":"closed","ping_status":"open","sticky":false,"template":"","format":"standard","meta":{"_acf_changed":false,"footnotes":""},"categories":[4],"tags":[],"class_list":["post-7808","post","type-post","status-publish","format-standard","has-post-thumbnail","hentry","category-uncategorized-en"],"acf":[],"_links":{"self":[{"href":"https:\/\/old.hafnarborg.is\/en\/wp-json\/wp\/v2\/posts\/7808","targetHints":{"allow":["GET"]}}],"collection":[{"href":"https:\/\/old.hafnarborg.is\/en\/wp-json\/wp\/v2\/posts"}],"about":[{"href":"https:\/\/old.hafnarborg.is\/en\/wp-json\/wp\/v2\/types\/post"}],"author":[{"embeddable":true,"href":"https:\/\/old.hafnarborg.is\/en\/wp-json\/wp\/v2\/users\/6"}],"replies":[{"embeddable":true,"href":"https:\/\/old.hafnarborg.is\/en\/wp-json\/wp\/v2\/comments?post=7808"}],"version-history":[{"count":0,"href":"https:\/\/old.hafnarborg.is\/en\/wp-json\/wp\/v2\/posts\/7808\/revisions"}],"wp:featuredmedia":[{"embeddable":true,"href":"https:\/\/old.hafnarborg.is\/en\/wp-json\/wp\/v2\/media\/7807"}],"wp:attachment":[{"href":"https:\/\/old.hafnarborg.is\/en\/wp-json\/wp\/v2\/media?parent=7808"}],"wp:term":[{"taxonomy":"category","embeddable":true,"href":"https:\/\/old.hafnarborg.is\/en\/wp-json\/wp\/v2\/categories?post=7808"},{"taxonomy":"post_tag","embeddable":true,"href":"https:\/\/old.hafnarborg.is\/en\/wp-json\/wp\/v2\/tags?post=7808"}],"curies":[{"name":"wp","href":"https:\/\/api.w.org\/{rel}","templated":true}]}}