{"id":8387,"date":"2021-03-25T18:24:38","date_gmt":"2021-03-25T18:24:38","guid":{"rendered":"http:\/\/hafnarborg.avistaserver.com\/?p=8387"},"modified":"2021-03-25T18:41:27","modified_gmt":"2021-03-25T18:41:27","slug":"nominations-for-the-icelandic-music-awards-2021","status":"publish","type":"post","link":"https:\/\/old.hafnarborg.is\/en\/2021\/03\/25\/nominations-for-the-icelandic-music-awards-2021\/","title":{"rendered":"Nominations for The Icelandic Music Awards 2021"},"content":{"rendered":"<p>All of us at Hafnarborg would like to congratulate Gu\u00f0r\u00fan J\u00f3hanna \u00d3lafsd\u00f3ttir and Francisco Javier J\u00e1uregui, the founders and directors of the Hafnarborg Songfest, on the nominations for <strong>The Icelandic Music Awards 2021<\/strong>, as the Hafnarborg Songfest has been nominated as \u201cMusic Event of the Year \u2013 Festivals\u201d and Stuart Skelton\u2018s concert, <em>The Modern Romantic<\/em>, which took place at the Songfest, has been nominated as \u201cMusic Event of the Year \u2013 Concerts\u201d, both in the field of classic and contemporary music.<\/p>\n<p>We also congratulate Andr\u00e9s \u00de\u00f3r Gunnlaugsson, the artistic director of the Hafnarborg Afternoon Concert series, on the nomination of this new series as \u201cMusic Event of the Year \u2013 Concerts\u201d, in the field of jazz and blues music, as well as congratulating Andr\u00e9s \u00de\u00f3r on his personal nomination as \u201cPerformer of the Year\u201d, in the same field.<\/p>\n<p>We would then like to congratulate all of the nominees, many of whom have performed at the Hafnarborg Songfest, at our Afternoon and Midday Concerts, as well as at the concert series Phonemes, and we would especially like to give our good wishes to violinist Halla Steinunn Stef\u00e1nsd\u00f3ttir, who is nominated as \u201cPerformer of the Year\u201d, in the field of classic and contemporary music\u201d, but Halla Steinunn played a special role in engaging with Dav\u00ed\u00f0 Brynjar Franzson\u2019s exhibition, <em>An Urban Archive as an English Garden<\/em>, on view at the museum last year.<\/p>\n<p><strong>We thank all of you for enriching the programme of Hafnarborg with your music and your art and express our gratitude to<\/strong> <strong>the judges and affiliates of The Icelandic Music Awards for the honour shown to the institution with the nominations.<\/strong><\/p>\n","protected":false},"excerpt":{"rendered":"<p>All of us at Hafnarborg would like to congratulate Gu\u00f0r\u00fan J\u00f3hanna \u00d3lafsd\u00f3ttir and Francisco Javier J\u00e1uregui, the founders and directors of the Hafnarborg Songfest, on the nominations for The Icelandic Music Awards 2021, as the Hafnarborg Songfest has been nominated as \u201cMusic Event of the Year \u2013 Festivals\u201d and Stuart Skelton\u2018s concert, The Modern Romantic, [&hellip;]<\/p>\n","protected":false},"author":6,"featured_media":7905,"comment_status":"closed","ping_status":"open","sticky":false,"template":"","format":"standard","meta":{"_acf_changed":false,"footnotes":""},"categories":[4],"tags":[],"class_list":["post-8387","post","type-post","status-publish","format-standard","has-post-thumbnail","hentry","category-uncategorized-en"],"acf":[],"_links":{"self":[{"href":"https:\/\/old.hafnarborg.is\/en\/wp-json\/wp\/v2\/posts\/8387","targetHints":{"allow":["GET"]}}],"collection":[{"href":"https:\/\/old.hafnarborg.is\/en\/wp-json\/wp\/v2\/posts"}],"about":[{"href":"https:\/\/old.hafnarborg.is\/en\/wp-json\/wp\/v2\/types\/post"}],"author":[{"embeddable":true,"href":"https:\/\/old.hafnarborg.is\/en\/wp-json\/wp\/v2\/users\/6"}],"replies":[{"embeddable":true,"href":"https:\/\/old.hafnarborg.is\/en\/wp-json\/wp\/v2\/comments?post=8387"}],"version-history":[{"count":0,"href":"https:\/\/old.hafnarborg.is\/en\/wp-json\/wp\/v2\/posts\/8387\/revisions"}],"wp:featuredmedia":[{"embeddable":true,"href":"https:\/\/old.hafnarborg.is\/en\/wp-json\/wp\/v2\/media\/7905"}],"wp:attachment":[{"href":"https:\/\/old.hafnarborg.is\/en\/wp-json\/wp\/v2\/media?parent=8387"}],"wp:term":[{"taxonomy":"category","embeddable":true,"href":"https:\/\/old.hafnarborg.is\/en\/wp-json\/wp\/v2\/categories?post=8387"},{"taxonomy":"post_tag","embeddable":true,"href":"https:\/\/old.hafnarborg.is\/en\/wp-json\/wp\/v2\/tags?post=8387"}],"curies":[{"name":"wp","href":"https:\/\/api.w.org\/{rel}","templated":true}]}}